{"id":1116,"date":"2019-10-14T09:30:40","date_gmt":"2019-10-14T07:30:40","guid":{"rendered":"https:\/\/atenciondiscapacidad.umh.es\/?p=1116"},"modified":"2019-10-14T09:30:40","modified_gmt":"2019-10-14T07:30:40","slug":"iii-edicion-plan-familia-2020-fundacion-adecco","status":"publish","type":"post","link":"https:\/\/atenciondiscapacidad.umh.es\/ca\/2019\/10\/14\/iii-edicion-plan-familia-2020-fundacion-adecco\/","title":{"rendered":"<span lang=\"es\">(Espa\u00f1ol) III Edici\u00f3n Plan Familia 2020 &#8211; Fundaci\u00f3n ADECCO<\/span>"},"content":{"rendered":"<p class=\"qtranxs-available-languages-message qtranxs-available-languages-message-ca\">Ho sentim, aquesta entrada es troba disponible \u00fanicament en <a href=\"https:\/\/atenciondiscapacidad.umh.es\/es\/wp-json\/wp\/v2\/posts\/1116\" class=\"qtranxs-available-language-link qtranxs-available-language-link-es\" title=\"Espa\u00f1ol\">Espanyol Europeu<\/a>.<\/p>","protected":false},"excerpt":{"rendered":"<p>Ho sentim, aquesta entrada es troba disponible \u00fanicament en Espanyol Europeu.<\/p>\n","protected":false},"author":3236,"featured_media":0,"comment_status":"closed","ping_status":"open","sticky":false,"template":"","format":"standard","meta":{"_links_to":"","_links_to_target":""},"categories":[1255,566],"tags":[],"_links":{"self":[{"href":"https:\/\/atenciondiscapacidad.umh.es\/ca\/wp-json\/wp\/v2\/posts\/1116"}],"collection":[{"href":"https:\/\/atenciondiscapacidad.umh.es\/ca\/wp-json\/wp\/v2\/posts"}],"about":[{"href":"https:\/\/atenciondiscapacidad.umh.es\/ca\/wp-json\/wp\/v2\/types\/post"}],"author":[{"embeddable":true,"href":"https:\/\/atenciondiscapacidad.umh.es\/ca\/wp-json\/wp\/v2\/users\/3236"}],"replies":[{"embeddable":true,"href":"https:\/\/atenciondiscapacidad.umh.es\/ca\/wp-json\/wp\/v2\/comments?post=1116"}],"version-history":[{"count":0,"href":"https:\/\/atenciondiscapacidad.umh.es\/ca\/wp-json\/wp\/v2\/posts\/1116\/revisions"}],"wp:attachment":[{"href":"https:\/\/atenciondiscapacidad.umh.es\/ca\/wp-json\/wp\/v2\/media?parent=1116"}],"wp:term":[{"taxonomy":"category","embeddable":true,"href":"https:\/\/atenciondiscapacidad.umh.es\/ca\/wp-json\/wp\/v2\/categories?post=1116"},{"taxonomy":"post_tag","embeddable":true,"href":"https:\/\/atenciondiscapacidad.umh.es\/ca\/wp-json\/wp\/v2\/tags?post=1116"}],"curies":[{"name":"wp","href":"https:\/\/api.w.org\/{rel}","templated":true}]}}