{"id":2125,"date":"2021-10-25T14:51:14","date_gmt":"2021-10-25T12:51:14","guid":{"rendered":"https:\/\/atenciondiscapacidad.umh.es\/?p=2125"},"modified":"2021-10-25T14:51:14","modified_gmt":"2021-10-25T12:51:14","slug":"cemudis-analisis-de-la-situacion-social-y-laboral-de-las-mujeres-con-discapacidad-en-espana","status":"publish","type":"post","link":"https:\/\/atenciondiscapacidad.umh.es\/ca\/2021\/10\/25\/cemudis-analisis-de-la-situacion-social-y-laboral-de-las-mujeres-con-discapacidad-en-espana\/","title":{"rendered":"<span lang=\"es\">(Espa\u00f1ol) CEMUDIS: An\u00e1lisis de la situaci\u00f3n social y laboral de las mujeres con discapacidad en Espa\u00f1a<\/span>"},"content":{"rendered":"<p class=\"qtranxs-available-languages-message qtranxs-available-languages-message-ca\">Ho sentim, aquesta entrada es troba disponible \u00fanicament en <a href=\"https:\/\/atenciondiscapacidad.umh.es\/es\/wp-json\/wp\/v2\/posts\/2125\" class=\"qtranxs-available-language-link qtranxs-available-language-link-es\" title=\"Espa\u00f1ol\">Espanyol Europeu<\/a>.<\/p>","protected":false},"excerpt":{"rendered":"<p>Ho sentim, aquesta entrada es troba disponible \u00fanicament en Espanyol Europeu.<\/p>\n","protected":false},"author":3236,"featured_media":0,"comment_status":"closed","ping_status":"open","sticky":false,"template":"","format":"standard","meta":{"_links_to":"","_links_to_target":""},"categories":[507],"tags":[],"_links":{"self":[{"href":"https:\/\/atenciondiscapacidad.umh.es\/ca\/wp-json\/wp\/v2\/posts\/2125"}],"collection":[{"href":"https:\/\/atenciondiscapacidad.umh.es\/ca\/wp-json\/wp\/v2\/posts"}],"about":[{"href":"https:\/\/atenciondiscapacidad.umh.es\/ca\/wp-json\/wp\/v2\/types\/post"}],"author":[{"embeddable":true,"href":"https:\/\/atenciondiscapacidad.umh.es\/ca\/wp-json\/wp\/v2\/users\/3236"}],"replies":[{"embeddable":true,"href":"https:\/\/atenciondiscapacidad.umh.es\/ca\/wp-json\/wp\/v2\/comments?post=2125"}],"version-history":[{"count":0,"href":"https:\/\/atenciondiscapacidad.umh.es\/ca\/wp-json\/wp\/v2\/posts\/2125\/revisions"}],"wp:attachment":[{"href":"https:\/\/atenciondiscapacidad.umh.es\/ca\/wp-json\/wp\/v2\/media?parent=2125"}],"wp:term":[{"taxonomy":"category","embeddable":true,"href":"https:\/\/atenciondiscapacidad.umh.es\/ca\/wp-json\/wp\/v2\/categories?post=2125"},{"taxonomy":"post_tag","embeddable":true,"href":"https:\/\/atenciondiscapacidad.umh.es\/ca\/wp-json\/wp\/v2\/tags?post=2125"}],"curies":[{"name":"wp","href":"https:\/\/api.w.org\/{rel}","templated":true}]}}