{"id":3114,"date":"2023-03-01T09:34:52","date_gmt":"2023-03-01T08:34:52","guid":{"rendered":"https:\/\/atenciondiscapacidad.umh.es\/?p=3114"},"modified":"2023-03-13T12:53:42","modified_gmt":"2023-03-13T11:53:42","slug":"vii-edicion-de-la-convocatoria-de-ayudas-a-proyectos-de-investigacion-en-tecnologias-accesibles","status":"publish","type":"post","link":"https:\/\/atenciondiscapacidad.umh.es\/ca\/2023\/03\/01\/vii-edicion-de-la-convocatoria-de-ayudas-a-proyectos-de-investigacion-en-tecnologias-accesibles\/","title":{"rendered":"<span lang=\"es\">(Espa\u00f1ol) VII Edici\u00f3n de la Convocatoria de ayudas a proyectos de investigaci\u00f3n en Tecnolog\u00edas Accesibles<\/span>"},"content":{"rendered":"<p class=\"qtranxs-available-languages-message qtranxs-available-languages-message-ca\">Ho sentim, aquesta entrada es troba disponible \u00fanicament en <a href=\"https:\/\/atenciondiscapacidad.umh.es\/es\/wp-json\/wp\/v2\/posts\/3114\" class=\"qtranxs-available-language-link qtranxs-available-language-link-es\" title=\"Espa\u00f1ol\">Espanyol Europeu<\/a>.<\/p>","protected":false},"excerpt":{"rendered":"<p>Ho sentim, aquesta entrada es troba disponible \u00fanicament en Espanyol Europeu.<\/p>\n","protected":false},"author":24473,"featured_media":0,"comment_status":"closed","ping_status":"open","sticky":false,"template":"","format":"standard","meta":{"_links_to":"","_links_to_target":""},"categories":[1255],"tags":[512],"_links":{"self":[{"href":"https:\/\/atenciondiscapacidad.umh.es\/ca\/wp-json\/wp\/v2\/posts\/3114"}],"collection":[{"href":"https:\/\/atenciondiscapacidad.umh.es\/ca\/wp-json\/wp\/v2\/posts"}],"about":[{"href":"https:\/\/atenciondiscapacidad.umh.es\/ca\/wp-json\/wp\/v2\/types\/post"}],"author":[{"embeddable":true,"href":"https:\/\/atenciondiscapacidad.umh.es\/ca\/wp-json\/wp\/v2\/users\/24473"}],"replies":[{"embeddable":true,"href":"https:\/\/atenciondiscapacidad.umh.es\/ca\/wp-json\/wp\/v2\/comments?post=3114"}],"version-history":[{"count":0,"href":"https:\/\/atenciondiscapacidad.umh.es\/ca\/wp-json\/wp\/v2\/posts\/3114\/revisions"}],"wp:attachment":[{"href":"https:\/\/atenciondiscapacidad.umh.es\/ca\/wp-json\/wp\/v2\/media?parent=3114"}],"wp:term":[{"taxonomy":"category","embeddable":true,"href":"https:\/\/atenciondiscapacidad.umh.es\/ca\/wp-json\/wp\/v2\/categories?post=3114"},{"taxonomy":"post_tag","embeddable":true,"href":"https:\/\/atenciondiscapacidad.umh.es\/ca\/wp-json\/wp\/v2\/tags?post=3114"}],"curies":[{"name":"wp","href":"https:\/\/api.w.org\/{rel}","templated":true}]}}