{"id":3884,"date":"2024-10-08T08:55:05","date_gmt":"2024-10-08T06:55:05","guid":{"rendered":"https:\/\/atenciondiscapacidad.umh.es\/?p=3884"},"modified":"2024-10-08T08:55:05","modified_gmt":"2024-10-08T06:55:05","slug":"fundacion-once-lanza-la-iii-convocatoria-de-ayudas-para-la-preparacion-de-oposiciones-del-grupo-a-para-universitarios-con-discapacidad","status":"publish","type":"post","link":"https:\/\/atenciondiscapacidad.umh.es\/ca\/2024\/10\/08\/fundacion-once-lanza-la-iii-convocatoria-de-ayudas-para-la-preparacion-de-oposiciones-del-grupo-a-para-universitarios-con-discapacidad\/","title":{"rendered":"<span lang=\"es\">(Espa\u00f1ol) Fundaci\u00f3n ONCE lanza la III Convocatoria de Ayudas para la Preparaci\u00f3n de Oposiciones del Grupo A para Universitarios con Discapacidad<\/span>"},"content":{"rendered":"<p class=\"qtranxs-available-languages-message qtranxs-available-languages-message-ca\">Ho sentim, aquesta entrada es troba disponible \u00fanicament en <a href=\"https:\/\/atenciondiscapacidad.umh.es\/es\/wp-json\/wp\/v2\/posts\/3884\" class=\"qtranxs-available-language-link qtranxs-available-language-link-es\" title=\"Espa\u00f1ol\">Espanyol Europeu<\/a>.<\/p>","protected":false},"excerpt":{"rendered":"<p>Ho sentim, aquesta entrada es troba disponible \u00fanicament en Espanyol Europeu.<\/p>\n","protected":false},"author":24473,"featured_media":0,"comment_status":"closed","ping_status":"open","sticky":false,"template":"","format":"standard","meta":{"_links_to":"","_links_to_target":""},"categories":[1255,566,530],"tags":[],"_links":{"self":[{"href":"https:\/\/atenciondiscapacidad.umh.es\/ca\/wp-json\/wp\/v2\/posts\/3884"}],"collection":[{"href":"https:\/\/atenciondiscapacidad.umh.es\/ca\/wp-json\/wp\/v2\/posts"}],"about":[{"href":"https:\/\/atenciondiscapacidad.umh.es\/ca\/wp-json\/wp\/v2\/types\/post"}],"author":[{"embeddable":true,"href":"https:\/\/atenciondiscapacidad.umh.es\/ca\/wp-json\/wp\/v2\/users\/24473"}],"replies":[{"embeddable":true,"href":"https:\/\/atenciondiscapacidad.umh.es\/ca\/wp-json\/wp\/v2\/comments?post=3884"}],"version-history":[{"count":0,"href":"https:\/\/atenciondiscapacidad.umh.es\/ca\/wp-json\/wp\/v2\/posts\/3884\/revisions"}],"wp:attachment":[{"href":"https:\/\/atenciondiscapacidad.umh.es\/ca\/wp-json\/wp\/v2\/media?parent=3884"}],"wp:term":[{"taxonomy":"category","embeddable":true,"href":"https:\/\/atenciondiscapacidad.umh.es\/ca\/wp-json\/wp\/v2\/categories?post=3884"},{"taxonomy":"post_tag","embeddable":true,"href":"https:\/\/atenciondiscapacidad.umh.es\/ca\/wp-json\/wp\/v2\/tags?post=3884"}],"curies":[{"name":"wp","href":"https:\/\/api.w.org\/{rel}","templated":true}]}}