{"id":1130,"date":"2019-11-04T12:08:09","date_gmt":"2019-11-04T11:08:09","guid":{"rendered":"https:\/\/atenciondiscapacidad.umh.es\/?p=1130"},"modified":"2019-11-04T12:08:09","modified_gmt":"2019-11-04T11:08:09","slug":"convocatoria-para-la-seleccion-de-candidaturas-para-la-aceleradora-de-fundacion-once-espacia","status":"publish","type":"post","link":"https:\/\/atenciondiscapacidad.umh.es\/en\/2019\/11\/04\/convocatoria-para-la-seleccion-de-candidaturas-para-la-aceleradora-de-fundacion-once-espacia\/","title":{"rendered":"<span lang=\"es\">(Espa\u00f1ol) Convocatoria para la selecci\u00f3n de candidaturas para la Aceleradora de Fundaci\u00f3n ONCE (espacIA)<\/span>"},"content":{"rendered":"<p class=\"qtranxs-available-languages-message qtranxs-available-languages-message-en\">Sorry, this entry is only available in <a href=\"https:\/\/atenciondiscapacidad.umh.es\/es\/wp-json\/wp\/v2\/posts\/1130\" class=\"qtranxs-available-language-link qtranxs-available-language-link-es\" title=\"Espa\u00f1ol\">European Spanish<\/a>.<\/p>","protected":false},"excerpt":{"rendered":"<p>Sorry, this entry is only available in European Spanish.<\/p>\n","protected":false},"author":3236,"featured_media":0,"comment_status":"closed","ping_status":"open","sticky":false,"template":"","format":"standard","meta":{"_links_to":"","_links_to_target":""},"categories":[507],"tags":[],"_links":{"self":[{"href":"https:\/\/atenciondiscapacidad.umh.es\/en\/wp-json\/wp\/v2\/posts\/1130"}],"collection":[{"href":"https:\/\/atenciondiscapacidad.umh.es\/en\/wp-json\/wp\/v2\/posts"}],"about":[{"href":"https:\/\/atenciondiscapacidad.umh.es\/en\/wp-json\/wp\/v2\/types\/post"}],"author":[{"embeddable":true,"href":"https:\/\/atenciondiscapacidad.umh.es\/en\/wp-json\/wp\/v2\/users\/3236"}],"replies":[{"embeddable":true,"href":"https:\/\/atenciondiscapacidad.umh.es\/en\/wp-json\/wp\/v2\/comments?post=1130"}],"version-history":[{"count":0,"href":"https:\/\/atenciondiscapacidad.umh.es\/en\/wp-json\/wp\/v2\/posts\/1130\/revisions"}],"wp:attachment":[{"href":"https:\/\/atenciondiscapacidad.umh.es\/en\/wp-json\/wp\/v2\/media?parent=1130"}],"wp:term":[{"taxonomy":"category","embeddable":true,"href":"https:\/\/atenciondiscapacidad.umh.es\/en\/wp-json\/wp\/v2\/categories?post=1130"},{"taxonomy":"post_tag","embeddable":true,"href":"https:\/\/atenciondiscapacidad.umh.es\/en\/wp-json\/wp\/v2\/tags?post=1130"}],"curies":[{"name":"wp","href":"https:\/\/api.w.org\/{rel}","templated":true}]}}